{"id":855,"date":"2021-05-16T12:37:09","date_gmt":"2021-05-16T12:37:09","guid":{"rendered":"https:\/\/artes.puenteromano.net\/?p=855"},"modified":"2021-05-16T17:23:47","modified_gmt":"2021-05-16T17:23:47","slug":"verdadero-o-arte","status":"publish","type":"post","link":"https:\/\/artes.puenteromano.net\/index.php\/2021\/05\/16\/verdadero-o-arte\/","title":{"rendered":"\u00bfVerdadero o arte?"},"content":{"rendered":"\n<blockquote class=\"wp-block-quote is-style-large is-layout-flow wp-block-quote-is-layout-flow\"><p>\u00abTenemos arte para no morir de la verdad\u00bb<\/p><cite>Friedrich Nietzsche<\/cite><\/blockquote>\n\n\n\n<p><strong>Clara Mart\u00edn Ortea<\/strong>. Para Nietzsche, la verdad es un concepto creado por el hombre para intentar entender el mundo; una forma de mantenernos seguros y estables, de poder convivir. Aquello que consideramos verdad no es m\u00e1s que un pu\u00f1ado de t\u00e9rminos e ideas que hemos decidido acu\u00f1ar como verdaderos, de meras interpretaciones de la realidad. El \u201c\u00faltimo hombre\u201d, por miedo al cambio, las ha convertido en dogmas universales, y cree ciegamente en ellas.<\/p>\n\n\n\n<p>El fil\u00f3sofo considera el arte m\u00e1s valioso que la verdad, pues el artista trabaja con el cuerpo, expresa su \u201cs\u00ed mismo\u201d, afirma la vida; no considera el arte una p\u00e9rdida de tiempo o un complemento, sino un elemento imprescindible en la expresi\u00f3n y el desarrollo de la vida.<\/p>\n\n\n\n<p>El conflicto planteado sobre la verdad en la pel\u00edcula<em> My Mexican Bretzel<\/em> (\u00bfpodemos considerar verdaderos hechos que solo son parcialmente reales?)\u00a0es simple: dado que la verdad es una idea creada por el ser humano, \u00bfes m\u00e1s verdadero el concepto de mesa, donde cada uno imagina una mesa diferente, que una expresi\u00f3n art\u00edstica, con las distintas percepciones que provoca? Todos piensan en la misma obra o concepto, pero se componen escenas diferentes, se dan interpretaciones diversas; al fin y al cabo \u00e9sa es una de las funciones de la obra de arte.  <\/p>\n\n\n\n<p>As\u00ed pues, secundo la idea nietzscheana de que el arte supera en valor a la verdad, sin necesidad de ser real.<\/p>\n","protected":false},"excerpt":{"rendered":"<p>\u00abTenemos arte para no morir de la verdad\u00bb Friedrich Nietzsche Clara Mart\u00edn Ortea. Para Nietzsche, la verdad es un concepto creado por el hombre para intentar entender el mundo; una forma de mantenernos seguros y estables, de poder convivir. Aquello que consideramos verdad no es m\u00e1s que un pu\u00f1ado de t\u00e9rminos e ideas que hemos [&hellip;]<\/p>\n","protected":false},"author":1,"featured_media":614,"comment_status":"closed","ping_status":"closed","sticky":false,"template":"","format":"standard","meta":{"_et_pb_use_builder":"off","_et_pb_old_content":"","_et_gb_content_width":"","footnotes":""},"categories":[13],"tags":[],"class_list":["post-855","post","type-post","status-publish","format-standard","has-post-thumbnail","hentry","category-a-my-mexican-pretzel"],"_links":{"self":[{"href":"https:\/\/artes.puenteromano.net\/index.php\/wp-json\/wp\/v2\/posts\/855","targetHints":{"allow":["GET"]}}],"collection":[{"href":"https:\/\/artes.puenteromano.net\/index.php\/wp-json\/wp\/v2\/posts"}],"about":[{"href":"https:\/\/artes.puenteromano.net\/index.php\/wp-json\/wp\/v2\/types\/post"}],"author":[{"embeddable":true,"href":"https:\/\/artes.puenteromano.net\/index.php\/wp-json\/wp\/v2\/users\/1"}],"replies":[{"embeddable":true,"href":"https:\/\/artes.puenteromano.net\/index.php\/wp-json\/wp\/v2\/comments?post=855"}],"version-history":[{"count":10,"href":"https:\/\/artes.puenteromano.net\/index.php\/wp-json\/wp\/v2\/posts\/855\/revisions"}],"predecessor-version":[{"id":889,"href":"https:\/\/artes.puenteromano.net\/index.php\/wp-json\/wp\/v2\/posts\/855\/revisions\/889"}],"wp:featuredmedia":[{"embeddable":true,"href":"https:\/\/artes.puenteromano.net\/index.php\/wp-json\/wp\/v2\/media\/614"}],"wp:attachment":[{"href":"https:\/\/artes.puenteromano.net\/index.php\/wp-json\/wp\/v2\/media?parent=855"}],"wp:term":[{"taxonomy":"category","embeddable":true,"href":"https:\/\/artes.puenteromano.net\/index.php\/wp-json\/wp\/v2\/categories?post=855"},{"taxonomy":"post_tag","embeddable":true,"href":"https:\/\/artes.puenteromano.net\/index.php\/wp-json\/wp\/v2\/tags?post=855"}],"curies":[{"name":"wp","href":"https:\/\/api.w.org\/{rel}","templated":true}]}}